{"id":783,"date":"2019-12-06T22:55:13","date_gmt":"2019-12-06T22:55:13","guid":{"rendered":"http:\/\/zsprabino.edu.pl\/?p=783"},"modified":"2021-06-11T22:59:51","modified_gmt":"2021-06-11T22:59:51","slug":"mikolajki-jak-z-bajki","status":"publish","type":"post","link":"https:\/\/zsprabino.edu.pl\/index.php\/2019\/12\/06\/mikolajki-jak-z-bajki\/","title":{"rendered":"MIKO\u0141AJKI JAK Z BAJKI"},"content":{"rendered":"<div class=\"post-content\">\n<div class=\"wp-block-nextend-smartslider3\"><\/div>\n\n\n\n<p>Miko\u0142ajki jak z bajki\u2026.. \u2013 po raz pierwszy w naszej szkole!<\/p>\n\n\n\n<p>6 grudnia do naszej szko\u0142y zawita\u0142 \u015awi\u0119ty Miko\u0142aj wraz z&nbsp;przepi\u0119knymi Miko\u0142ajkami: Magd\u0105 i Agnieszk\u0105.&nbsp;Rado\u015b\u0107 dzieci i doros\u0142ych ogromna. By\u0142y ta\u0144ce, \u015bpiewy, wsp\u00f3lne zdj\u0119cia, kiermasze ciast, kiermasze ozd\u00f3b \u015bwi\u0105tecznych, malowanie twarzy, warsztaty zdobienia piernik\u00f3w, grill, frytki, loteria fantowa oraz foto-budka. Tego dnia, opr\u00f3cz Miko\u0142aja, dyrekcji, nauczycieli i przeuroczych dzieci z&nbsp;rodzicami, byli r\u00f3wnie\u017c zaproszeni go\u015bcie oraz sponsorzy naszej szko\u0142y. Swoj\u0105 obecno\u015bci\u0105 zaszczyci\u0142 nas wicekurator zachodniopomorski Pan Bogus\u0142aw Ogorza\u0142ek.<\/p>\n\n\n\n<p>Nic tak nie wzrusza serca, jak wyst\u0119py najm\u0142odszych. Nasze \u201eMaluszki\u201d przedstawi\u0142y nam wierszyki i piosenki o tematyce miko\u0142ajkowej. R\u00f3wnie\u017c starsi uczniowie mieli swoje wyst\u0119py. Mieli\u015bmy okazj\u0119 s\u0142ucha\u0107 pi\u0119knego \u015bpiewu ch\u00f3ru, ogl\u0105da\u0107 czaruj\u0105cy Miko\u0142ajkowy You Can Dance oraz uczestniczy\u0107 w Finale Festiwalu kol\u0119d.<\/p>\n\n\n\n<p>Festiwal Kol\u0119d wygra\u0142 Ryszard Ozdyk z klasy III z kol\u0119d\u0105 \u201e\u015awie\u0107 Gwiazdeczko\u201d oraz zesp\u00f3\u0142 gitarowy z klasy VII Oliwia Brodowicz, Zuzanna Cwojdzi\u0144skia i Julia \u015awier\u0107&nbsp; \u2013 \u201e\u015awi\u0119ta w nas\u201d. GRATULUJEMY.<\/p>\n\n\n\n<p>Tego dnia witali\u015bmy r\u00f3wnie\u017c Mistrzyni\u0119 \u015awiata w Fitnessie Gimnastycznym \u2013 Zuzann\u0119 Prusarczyk, kt\u00f3ra zauroczy\u0142a nas swoim uk\u0142adem akrobatycznym wykonanym specjalnie dla nas, za co bardzo DZI\u0118KUJEMY.<\/p>\n\n\n\n<p>Nie ma \u015bwi\u0105t bez ozd\u00f3b \u015bwi\u0105tecznych. W naszej szkole odby\u0142 si\u0119 konkurs na NAJPI\u0118KNIEJSZ\u0104 OZDOB\u0118 \u015aWI\u0104TECZN\u0104. Rozstrzygni\u0119cie konkursu i wr\u0119czenie nagr\u00f3d odby\u0142o si\u0119 w dniu naszych Miko\u0142ajek. I miejsce w kategorii najpi\u0119kniejsza choinka zdoby\u0142a Paulina Kr\u00f3l. I miejsce w kategorii najpi\u0119kniejszy stroik zdoby\u0142 Oskar Rakowski. I miejsce w kategorii najpi\u0119kniejsza ozdoba zdoby\u0142 Filip Macio\u0142ek. GRATULUJEMY.<\/p>\n\n\n\n<p>Miko\u0142ajkowe fotki z foto-budki FOTOLOGIKA dostarczy\u0142y nam dodatkowej atrakcji. Zdj\u0119cia z foto-budki dost\u0119pne s\u0105\u00a0<a href=\"https:\/\/l.facebook.com\/l.php?u=https%3A%2F%2Fphotos.app.goo.gl%2Fxeew9jzB44XGLsK57%3Ffbclid%3DIwAR34qQAQLrGLSdir_o6RN98D5kxOhETcbRfpV_GEEE8TygnrtvILgxniYgA&amp;h=AT0DePDaG-QkzsGUtkyZQxePK5q_SO_VqRPiOb2d9P-BVkI-tZnrcKsGoM9PLCrm5qxfXj_iGNdEtpUFKxyBHX3byxWAeOshNPYSSWet2KO0463BYImhrqUr-kzrdhVfVcnlIg\">tutaj\u00a0<\/a>. Mi\u0142ego ogl\u0105dania\u00a0<\/p>\n\n\n\n<p>Dzi\u0119kujemy za \u201eMiko\u0142ajki jak z bajki\u201d dyrekcji szko\u0142y, nauczycielom, pracownikom szko\u0142y, rodzicom, uczniom, przyby\u0142ym go\u015bciom oraz organizatorom: Annie Rynkiewicz, Annie Komorowskiej, Katarzynie Pedrycz. Liczymy na kolejne spotkanie z Miko\u0142ajem w roku 2020. Warto uczyni\u0107 ten dzie\u0144 Miko\u0142ajkow\u0105 tradycj\u0105 w naszej szkole. Staro\u017cytni pisali \u2013 koniec wie\u0144czy dzie\u0142o. Zreszt\u0105 sami sp\u00f3jrzcie na zdj\u0119cia, czy to nie by\u0142y Miko\u0142ajki jak z bajki? TAK!<\/p>\n\n\n\n<p>A.R.<\/p>\n<\/div>","protected":false},"excerpt":{"rendered":"<p>Miko\u0142ajki jak z bajki\u2026.. \u2013 po raz pierwszy w naszej<a href=\"https:\/\/zsprabino.edu.pl\/index.php\/2019\/12\/06\/mikolajki-jak-z-bajki\/\" class=\"gutenlearn-readmore\">Read More<i class=\"fa fa-long-arrow-right\" aria-hidden=\"true\"><\/i><\/a><\/p>\n","protected":false},"author":2,"featured_media":798,"comment_status":"closed","ping_status":"closed","sticky":false,"template":"","format":"standard","meta":{"disable_featured_image":false,"cybocfi_hide_featured_image":""},"categories":[1],"tags":[],"rise-blocks_total_comments":0,"rise-blocks_categories":[{"term_id":1,"name":"Uncategorized","slug":"uncategorized","term_group":0,"term_taxonomy_id":1,"taxonomy":"category","description":"","parent":0,"count":356,"filter":"raw","cat_ID":1,"category_count":356,"category_description":"","cat_name":"Uncategorized","category_nicename":"uncategorized","category_parent":0}],"rise-blocks_excerpt":"Miko\u0142ajki jak z bajki\u2026.. \u2013 po raz pierwszy w naszej szkole! 6 grudnia do naszej szko\u0142y zawita\u0142 \u015awi\u0119ty Miko\u0142aj wraz z&nbsp;przepi\u0119knymi Miko\u0142ajkami: Magd\u0105 i Agnieszk\u0105.&nbsp;Rado\u015b\u0107 dzieci i doros\u0142ych ogromna. By\u0142y ta\u0144ce, \u015bpiewy, wsp\u00f3lne zdj\u0119cia, kiermasze ciast, kiermasze ozd\u00f3b \u015bwi\u0105tecznych, malowanie twarzy, warsztaty zdobienia piernik\u00f3w, grill, frytki, loteria fantowa oraz foto-budka. Tego dnia, opr\u00f3cz Miko\u0142aja, dyrekcji, nauczycieli i przeuroczych dzieci z&nbsp;rodzicami,..","_links":{"self":[{"href":"https:\/\/zsprabino.edu.pl\/index.php\/wp-json\/wp\/v2\/posts\/783"}],"collection":[{"href":"https:\/\/zsprabino.edu.pl\/index.php\/wp-json\/wp\/v2\/posts"}],"about":[{"href":"https:\/\/zsprabino.edu.pl\/index.php\/wp-json\/wp\/v2\/types\/post"}],"author":[{"embeddable":true,"href":"https:\/\/zsprabino.edu.pl\/index.php\/wp-json\/wp\/v2\/users\/2"}],"replies":[{"embeddable":true,"href":"https:\/\/zsprabino.edu.pl\/index.php\/wp-json\/wp\/v2\/comments?post=783"}],"version-history":[{"count":1,"href":"https:\/\/zsprabino.edu.pl\/index.php\/wp-json\/wp\/v2\/posts\/783\/revisions"}],"predecessor-version":[{"id":799,"href":"https:\/\/zsprabino.edu.pl\/index.php\/wp-json\/wp\/v2\/posts\/783\/revisions\/799"}],"wp:featuredmedia":[{"embeddable":true,"href":"https:\/\/zsprabino.edu.pl\/index.php\/wp-json\/wp\/v2\/media\/798"}],"wp:attachment":[{"href":"https:\/\/zsprabino.edu.pl\/index.php\/wp-json\/wp\/v2\/media?parent=783"}],"wp:term":[{"taxonomy":"category","embeddable":true,"href":"https:\/\/zsprabino.edu.pl\/index.php\/wp-json\/wp\/v2\/categories?post=783"},{"taxonomy":"post_tag","embeddable":true,"href":"https:\/\/zsprabino.edu.pl\/index.php\/wp-json\/wp\/v2\/tags?post=783"}],"curies":[{"name":"wp","href":"https:\/\/api.w.org\/{rel}","templated":true}]}}