{"id":731,"date":"2019-11-29T22:23:26","date_gmt":"2019-11-29T22:23:26","guid":{"rendered":"http:\/\/zsprabino.edu.pl\/?p=731"},"modified":"2021-06-11T22:36:13","modified_gmt":"2021-06-11T22:36:13","slug":"uroczyste-obchody-swieta-niepodleglosci-w-rabinie","status":"publish","type":"post","link":"https:\/\/zsprabino.edu.pl\/index.php\/2019\/11\/29\/uroczyste-obchody-swieta-niepodleglosci-w-rabinie\/","title":{"rendered":"UROCZYSTE OBCHODY \u015aWI\u0118TA NIEPODLEG\u0141O\u015aCI W R\u0104BINIE"},"content":{"rendered":"<div class=\"post-content\">\n<div class=\"wp-block-nextend-smartslider3\"><\/div>\n\n\n\n<p>Obchody \u015awi\u0119ta Odzyskania Niepodleg\u0142o\u015bci w R\u0105binie rozpocz\u0119\u0142y si\u0119 Uroczyst\u0105 Msz\u0105 \u015awi\u0119t\u0105, podczas kt\u00f3rej uczestniczyli mieszka\u0144cy gminy, zaproszeni go\u015bcie, w\u0142adze gminy oraz Poczty Sztandarowe: Ochotniczej Stra\u017cy Po\u017carnej w R\u0105binie oraz Zespo\u0142u Szkolno \u2013 Przedszkolnego w R\u0105binie. Tu\u017c po nabo\u017ce\u0144stwie wszyscy marszem przeszli pod obelisk upami\u0119tniaj\u0105cy wdzi\u0119czno\u015b\u0107, szacunek i pami\u0119\u0107 Osadnikom Ziemi R\u0105bi\u0144skiej oraz Polskim Patriotom z czas\u00f3w II wojny \u015bwiatowej. Od\u015bpiewano hymn pa\u0144stwowy. Oficjalne delegacje, w tym r\u00f3wnie\u017c delegacja naszej szko\u0142y, z\u0142o\u017cy\u0142y pod obeliskiem kwiaty i znicze.<\/p>\n<\/div>","protected":false},"excerpt":{"rendered":"<p>Obchody \u015awi\u0119ta Odzyskania Niepodleg\u0142o\u015bci w R\u0105binie rozpocz\u0119\u0142y si\u0119 Uroczyst\u0105 Msz\u0105<a href=\"https:\/\/zsprabino.edu.pl\/index.php\/2019\/11\/29\/uroczyste-obchody-swieta-niepodleglosci-w-rabinie\/\" class=\"gutenlearn-readmore\">Read More<i class=\"fa fa-long-arrow-right\" aria-hidden=\"true\"><\/i><\/a><\/p>\n","protected":false},"author":2,"featured_media":743,"comment_status":"closed","ping_status":"closed","sticky":false,"template":"","format":"standard","meta":{"disable_featured_image":false,"cybocfi_hide_featured_image":""},"categories":[1],"tags":[],"rise-blocks_total_comments":0,"rise-blocks_categories":[{"term_id":1,"name":"Uncategorized","slug":"uncategorized","term_group":0,"term_taxonomy_id":1,"taxonomy":"category","description":"","parent":0,"count":356,"filter":"raw","cat_ID":1,"category_count":356,"category_description":"","cat_name":"Uncategorized","category_nicename":"uncategorized","category_parent":0}],"rise-blocks_excerpt":"Obchody \u015awi\u0119ta Odzyskania Niepodleg\u0142o\u015bci w R\u0105binie rozpocz\u0119\u0142y si\u0119 Uroczyst\u0105 Msz\u0105 \u015awi\u0119t\u0105, podczas kt\u00f3rej uczestniczyli mieszka\u0144cy gminy, zaproszeni go\u015bcie, w\u0142adze gminy oraz Poczty Sztandarowe: Ochotniczej Stra\u017cy Po\u017carnej w R\u0105binie oraz Zespo\u0142u Szkolno \u2013 Przedszkolnego w R\u0105binie. Tu\u017c po nabo\u017ce\u0144stwie wszyscy marszem przeszli pod obelisk upami\u0119tniaj\u0105cy wdzi\u0119czno\u015b\u0107, szacunek i pami\u0119\u0107 Osadnikom Ziemi R\u0105bi\u0144skiej oraz Polskim Patriotom z czas\u00f3w II wojny \u015bwiatowej. Od\u015bpiewano..","_links":{"self":[{"href":"https:\/\/zsprabino.edu.pl\/index.php\/wp-json\/wp\/v2\/posts\/731"}],"collection":[{"href":"https:\/\/zsprabino.edu.pl\/index.php\/wp-json\/wp\/v2\/posts"}],"about":[{"href":"https:\/\/zsprabino.edu.pl\/index.php\/wp-json\/wp\/v2\/types\/post"}],"author":[{"embeddable":true,"href":"https:\/\/zsprabino.edu.pl\/index.php\/wp-json\/wp\/v2\/users\/2"}],"replies":[{"embeddable":true,"href":"https:\/\/zsprabino.edu.pl\/index.php\/wp-json\/wp\/v2\/comments?post=731"}],"version-history":[{"count":2,"href":"https:\/\/zsprabino.edu.pl\/index.php\/wp-json\/wp\/v2\/posts\/731\/revisions"}],"predecessor-version":[{"id":750,"href":"https:\/\/zsprabino.edu.pl\/index.php\/wp-json\/wp\/v2\/posts\/731\/revisions\/750"}],"wp:featuredmedia":[{"embeddable":true,"href":"https:\/\/zsprabino.edu.pl\/index.php\/wp-json\/wp\/v2\/media\/743"}],"wp:attachment":[{"href":"https:\/\/zsprabino.edu.pl\/index.php\/wp-json\/wp\/v2\/media?parent=731"}],"wp:term":[{"taxonomy":"category","embeddable":true,"href":"https:\/\/zsprabino.edu.pl\/index.php\/wp-json\/wp\/v2\/categories?post=731"},{"taxonomy":"post_tag","embeddable":true,"href":"https:\/\/zsprabino.edu.pl\/index.php\/wp-json\/wp\/v2\/tags?post=731"}],"curies":[{"name":"wp","href":"https:\/\/api.w.org\/{rel}","templated":true}]}}