{"id":5365,"date":"2025-01-02T10:01:10","date_gmt":"2025-01-02T10:01:10","guid":{"rendered":"http:\/\/zsprabino.edu.pl\/?p=5365"},"modified":"2025-03-28T14:10:43","modified_gmt":"2025-03-28T14:10:43","slug":"pomocna-paczka","status":"publish","type":"post","link":"https:\/\/zsprabino.edu.pl\/index.php\/2025\/01\/02\/pomocna-paczka\/","title":{"rendered":"&#8222;Pomocna paczka&#8221;"},"content":{"rendered":"<div class=\"post-content\">\n<p>Z inicjatywy Uczni\u00f3w, Rodzic\u00f3w i Wychowawcy klasy 3, zorganizowano pomoc dla potrzebuj\u0105cych \u201ePomocn\u0105 Paczk\u0119\u201d.&nbsp;<\/p>\n\n\n\n<p>\u015awi\u0119ta to magiczny czas \ud83c\udf84<\/p>\n\n\n\n<p>Organizacj\u0105 \u201eAkcji\u201d zaj\u0105\u0142 si\u0119 zesp\u00f3\u0142 nauczycieli klas 1-3 (K. Pedrycz, A. Dzieruk i E. Pa\u0142ka).<\/p>\n\n\n\n<p>Razem z darami, potrzebuj\u0105cy otrzymaj\u0105 du\u017co wi\u0119cej: uwag\u0119 i serdeczno\u015b\u0107 drugiego cz\u0142owieka, poczucie, \u017ce nie s\u0105 zupe\u0142nie sami.<\/p>\n\n\n\n<p>Dzia\u0142anie w szkole &#8211; tworzy przestrze\u0144 do pe\u0142nej pozytywnych emocji wsp\u00f3\u0142pracy, podzia\u0142u zada\u0144 we wsp\u00f3lnej pomocy i do anga\u017cuj\u0105cej integracji. Przede wszystkim to okazja, \u017ceby razem zrobi\u0107 co\u015b dobrego \u2013 DZI\u0118KUJEMY \ud83d\ude42.<\/p>\n\n\n\n<figure class=\"wp-block-image\"><img loading=\"lazy\" width=\"2560\" height=\"1920\" src=\"https:\/\/zsprabino.edu.pl\/wp-content\/uploads\/2025\/01\/IMG_9038-2-scaled.jpeg\" alt=\"\" class=\"wp-image-5369\" srcset=\"https:\/\/zsprabino.edu.pl\/wp-content\/uploads\/2025\/01\/IMG_9038-2-scaled.jpeg 2560w, https:\/\/zsprabino.edu.pl\/wp-content\/uploads\/2025\/01\/IMG_9038-2-300x225.jpeg 300w, https:\/\/zsprabino.edu.pl\/wp-content\/uploads\/2025\/01\/IMG_9038-2-1024x768.jpeg 1024w, https:\/\/zsprabino.edu.pl\/wp-content\/uploads\/2025\/01\/IMG_9038-2-768x576.jpeg 768w, https:\/\/zsprabino.edu.pl\/wp-content\/uploads\/2025\/01\/IMG_9038-2-1536x1152.jpeg 1536w, https:\/\/zsprabino.edu.pl\/wp-content\/uploads\/2025\/01\/IMG_9038-2-2048x1536.jpeg 2048w\" sizes=\"(max-width: 2560px) 100vw, 2560px\" \/><figcaption>IMG_9038-2<\/figcaption><\/figure>\n\n\n\n<p><\/p>\n<\/div>","protected":false},"excerpt":{"rendered":"<p>Z inicjatywy Uczni\u00f3w, Rodzic\u00f3w i Wychowawcy klasy 3, zorganizowano pomoc<a href=\"https:\/\/zsprabino.edu.pl\/index.php\/2025\/01\/02\/pomocna-paczka\/\" class=\"gutenlearn-readmore\">Read More<i class=\"fa fa-long-arrow-right\" aria-hidden=\"true\"><\/i><\/a><\/p>\n","protected":false},"author":3,"featured_media":5367,"comment_status":"closed","ping_status":"closed","sticky":false,"template":"","format":"standard","meta":{"disable_featured_image":false,"cybocfi_hide_featured_image":""},"categories":[1],"tags":[],"rise-blocks_total_comments":0,"rise-blocks_categories":[{"term_id":1,"name":"Uncategorized","slug":"uncategorized","term_group":0,"term_taxonomy_id":1,"taxonomy":"category","description":"","parent":0,"count":356,"filter":"raw","cat_ID":1,"category_count":356,"category_description":"","cat_name":"Uncategorized","category_nicename":"uncategorized","category_parent":0}],"rise-blocks_excerpt":"Z inicjatywy Uczni\u00f3w, Rodzic\u00f3w i Wychowawcy klasy 3, zorganizowano pomoc dla potrzebuj\u0105cych \u201ePomocn\u0105 Paczk\u0119\u201d.&nbsp; \u015awi\u0119ta to magiczny czas \ud83c\udf84 Organizacj\u0105 \u201eAkcji\u201d zaj\u0105\u0142 si\u0119 zesp\u00f3\u0142 nauczycieli klas 1-3 (K. Pedrycz, A. Dzieruk i E. Pa\u0142ka). Razem z darami, potrzebuj\u0105cy otrzymaj\u0105 du\u017co wi\u0119cej: uwag\u0119 i serdeczno\u015b\u0107 drugiego cz\u0142owieka, poczucie, \u017ce nie s\u0105 zupe\u0142nie sami. Dzia\u0142anie w szkole &#8211; tworzy przestrze\u0144 do pe\u0142nej..","_links":{"self":[{"href":"https:\/\/zsprabino.edu.pl\/index.php\/wp-json\/wp\/v2\/posts\/5365"}],"collection":[{"href":"https:\/\/zsprabino.edu.pl\/index.php\/wp-json\/wp\/v2\/posts"}],"about":[{"href":"https:\/\/zsprabino.edu.pl\/index.php\/wp-json\/wp\/v2\/types\/post"}],"author":[{"embeddable":true,"href":"https:\/\/zsprabino.edu.pl\/index.php\/wp-json\/wp\/v2\/users\/3"}],"replies":[{"embeddable":true,"href":"https:\/\/zsprabino.edu.pl\/index.php\/wp-json\/wp\/v2\/comments?post=5365"}],"version-history":[{"count":2,"href":"https:\/\/zsprabino.edu.pl\/index.php\/wp-json\/wp\/v2\/posts\/5365\/revisions"}],"predecessor-version":[{"id":5370,"href":"https:\/\/zsprabino.edu.pl\/index.php\/wp-json\/wp\/v2\/posts\/5365\/revisions\/5370"}],"wp:featuredmedia":[{"embeddable":true,"href":"https:\/\/zsprabino.edu.pl\/index.php\/wp-json\/wp\/v2\/media\/5367"}],"wp:attachment":[{"href":"https:\/\/zsprabino.edu.pl\/index.php\/wp-json\/wp\/v2\/media?parent=5365"}],"wp:term":[{"taxonomy":"category","embeddable":true,"href":"https:\/\/zsprabino.edu.pl\/index.php\/wp-json\/wp\/v2\/categories?post=5365"},{"taxonomy":"post_tag","embeddable":true,"href":"https:\/\/zsprabino.edu.pl\/index.php\/wp-json\/wp\/v2\/tags?post=5365"}],"curies":[{"name":"wp","href":"https:\/\/api.w.org\/{rel}","templated":true}]}}