{"id":536,"date":"2018-09-21T01:23:04","date_gmt":"2018-09-21T01:23:04","guid":{"rendered":"http:\/\/zsprabino.edu.pl\/?p=536"},"modified":"2021-06-09T01:25:16","modified_gmt":"2021-06-09T01:25:16","slug":"sprzatanie-swiata-polska-2018","status":"publish","type":"post","link":"https:\/\/zsprabino.edu.pl\/index.php\/2018\/09\/21\/sprzatanie-swiata-polska-2018\/","title":{"rendered":"\u201eSPRZ\u0104TANIE \u015aWIATA\u201d \u2013 POLSKA 2018"},"content":{"rendered":"<div class=\"post-content\">\n<p>21 wrze\u015bnia 2018r. uczniowie Szko\u0142y Podstawowej im. Adama Mickiewicza w R\u0105binie wraz z nauczycielami, uczestniczyli w jubileuszowej 25 akcji \u201eSprz\u0105tanie \u015awiata\u201d organizowanej przez Fundacj\u0119 Nasza Ziemia. Tegoroczna akcja przebiega\u0142a pod has\u0142em \u201eAkcja- segregacja! 2 x wi\u0119cej, 2 x czy\u015bciej\u201d. Jej celem by\u0142o wspomo\u017cenie selektywnej zbi\u00f3rki odpad\u00f3w. W zwi\u0105zku z tym tego dnia najm\u0142odsi uczniowie pod opiek\u0105 swoich wychowawczy\u0144 udali si\u0119 na sprz\u0105tanie wyznaczonych teren\u00f3w wok\u00f3\u0142 szko\u0142y. Pozyskane odpady zosta\u0142y przez nich skrupulatnie posegregowane. Akcja przebieg\u0142a bardzo sprawnie, a efekty pracy by\u0142y zadowalaj\u0105ce. Czynny udzia\u0142 w akcji da\u0142 im do zrozumienia, \u017ce nale\u017cy dba\u0107 o swoje \u015brodowisko. Starsi uczniowie przygotowali plakaty dotycz\u0105ce segregacji odpad\u00f3w oraz symboliczne pojemniki do segregacji o kolorystyce zgodnej z aktualnym rozporz\u0105dzeniem Ministra \u015arodowiska o oznakowaniu pojemnik\u00f3w do selektywnej zbi\u00f3rki odpad\u00f3w. Poza tym uczniowie klas VIII wykonali i rozdali tematyczne ulotki w ramach kampanii informacyjnej dla spo\u0142eczno\u015bci lokalnej. Na zako\u0144czenie akcji wszyscy uczniowie postanowili podarowa\u0107 prezent i dla Ziemi i dla ludzi i posadzi\u0107 Jubileuszowe Drzewa wok\u00f3\u0142 szko\u0142y. Ro\u015bliny zosta\u0142y pozyskane przez pani\u0105 wicedyrektor Katarzyn\u0119 Pedrycz, dzi\u0119ki uprzejmo\u015bci pani El\u017cbiety Pastuszka ze \u015awidwi\u0144skiego Nadle\u015bnictwa. Pierwsze symboliczne drzewo zasadzi\u0142a pani dyrektor Marzena Pokora, reszt\u0119 nauczyciele i uczniowie szko\u0142y. Dzi\u0119ki temu szko\u0142a zosta\u0142a odznaczona na Mapie Drzew Jubileuszu a zdj\u0119cia z przedsi\u0119wzi\u0119cia zago\u015bci\u0142y w Galerii Drzew Jubileuszu Fundacji Nasza Ziemia. Koordynator pani Magdalena Staruk dzi\u0119kuje wszystkim za zaanga\u017cowanie i zaprasza do udzia\u0142u w kolejnych programach ekologicznych.<\/p>\n\n\n\n<figure class=\"wp-block-gallery columns-3 is-cropped\"><ul class=\"blocks-gallery-grid\"><li class=\"blocks-gallery-item\"><figure><img loading=\"lazy\" width=\"766\" height=\"1024\" src=\"http:\/\/zsprabino.edu.pl\/wp-content\/uploads\/2021\/06\/4-766x1024.jpg\" alt=\"\" data-id=\"533\" data-full-url=\"http:\/\/zsprabino.edu.pl\/wp-content\/uploads\/2021\/06\/4.jpg\" data-link=\"http:\/\/zsprabino.edu.pl\/4\/\" class=\"wp-image-533\" srcset=\"https:\/\/zsprabino.edu.pl\/wp-content\/uploads\/2021\/06\/4-766x1024.jpg 766w, https:\/\/zsprabino.edu.pl\/wp-content\/uploads\/2021\/06\/4-224x300.jpg 224w, https:\/\/zsprabino.edu.pl\/wp-content\/uploads\/2021\/06\/4-768x1026.jpg 768w, https:\/\/zsprabino.edu.pl\/wp-content\/uploads\/2021\/06\/4.jpg 999w\" sizes=\"(max-width: 766px) 100vw, 766px\" \/><\/figure><\/li><li class=\"blocks-gallery-item\"><figure><img loading=\"lazy\" width=\"1000\" height=\"562\" src=\"http:\/\/zsprabino.edu.pl\/wp-content\/uploads\/2021\/06\/3.jpg\" alt=\"\" data-id=\"532\" data-full-url=\"http:\/\/zsprabino.edu.pl\/wp-content\/uploads\/2021\/06\/3.jpg\" data-link=\"http:\/\/zsprabino.edu.pl\/3\/\" class=\"wp-image-532\" srcset=\"https:\/\/zsprabino.edu.pl\/wp-content\/uploads\/2021\/06\/3.jpg 1000w, https:\/\/zsprabino.edu.pl\/wp-content\/uploads\/2021\/06\/3-300x169.jpg 300w, https:\/\/zsprabino.edu.pl\/wp-content\/uploads\/2021\/06\/3-768x432.jpg 768w\" sizes=\"(max-width: 1000px) 100vw, 1000px\" \/><\/figure><\/li><li class=\"blocks-gallery-item\"><figure><img loading=\"lazy\" width=\"1000\" height=\"750\" src=\"http:\/\/zsprabino.edu.pl\/wp-content\/uploads\/2021\/06\/2.jpg\" alt=\"\" data-id=\"531\" data-full-url=\"http:\/\/zsprabino.edu.pl\/wp-content\/uploads\/2021\/06\/2.jpg\" data-link=\"http:\/\/zsprabino.edu.pl\/2\/\" class=\"wp-image-531\" srcset=\"https:\/\/zsprabino.edu.pl\/wp-content\/uploads\/2021\/06\/2.jpg 1000w, https:\/\/zsprabino.edu.pl\/wp-content\/uploads\/2021\/06\/2-300x225.jpg 300w, https:\/\/zsprabino.edu.pl\/wp-content\/uploads\/2021\/06\/2-768x576.jpg 768w\" sizes=\"(max-width: 1000px) 100vw, 1000px\" \/><\/figure><\/li><li class=\"blocks-gallery-item\"><figure><img loading=\"lazy\" width=\"1000\" height=\"750\" src=\"http:\/\/zsprabino.edu.pl\/wp-content\/uploads\/2021\/06\/1.jpg\" alt=\"\" data-id=\"530\" data-full-url=\"http:\/\/zsprabino.edu.pl\/wp-content\/uploads\/2021\/06\/1.jpg\" data-link=\"http:\/\/zsprabino.edu.pl\/1\/\" class=\"wp-image-530\" srcset=\"https:\/\/zsprabino.edu.pl\/wp-content\/uploads\/2021\/06\/1.jpg 1000w, https:\/\/zsprabino.edu.pl\/wp-content\/uploads\/2021\/06\/1-300x225.jpg 300w, https:\/\/zsprabino.edu.pl\/wp-content\/uploads\/2021\/06\/1-768x576.jpg 768w\" sizes=\"(max-width: 1000px) 100vw, 1000px\" \/><\/figure><\/li><\/ul><\/figure>\n<\/div>","protected":false},"excerpt":{"rendered":"<p>21 wrze\u015bnia 2018r. uczniowie Szko\u0142y Podstawowej im. Adama Mickiewicza w<a href=\"https:\/\/zsprabino.edu.pl\/index.php\/2018\/09\/21\/sprzatanie-swiata-polska-2018\/\" class=\"gutenlearn-readmore\">Read More<i class=\"fa fa-long-arrow-right\" aria-hidden=\"true\"><\/i><\/a><\/p>\n","protected":false},"author":2,"featured_media":532,"comment_status":"closed","ping_status":"closed","sticky":false,"template":"","format":"standard","meta":{"disable_featured_image":false,"cybocfi_hide_featured_image":""},"categories":[1],"tags":[],"rise-blocks_total_comments":0,"rise-blocks_categories":[{"term_id":1,"name":"Uncategorized","slug":"uncategorized","term_group":0,"term_taxonomy_id":1,"taxonomy":"category","description":"","parent":0,"count":356,"filter":"raw","cat_ID":1,"category_count":356,"category_description":"","cat_name":"Uncategorized","category_nicename":"uncategorized","category_parent":0}],"rise-blocks_excerpt":"21 wrze\u015bnia 2018r. uczniowie Szko\u0142y Podstawowej im. Adama Mickiewicza w R\u0105binie wraz z nauczycielami, uczestniczyli w jubileuszowej 25 akcji \u201eSprz\u0105tanie \u015awiata\u201d organizowanej przez Fundacj\u0119 Nasza Ziemia. Tegoroczna akcja przebiega\u0142a pod has\u0142em \u201eAkcja- segregacja! 2 x wi\u0119cej, 2 x czy\u015bciej\u201d. Jej celem by\u0142o wspomo\u017cenie selektywnej zbi\u00f3rki odpad\u00f3w. W zwi\u0105zku z tym tego dnia najm\u0142odsi uczniowie pod opiek\u0105 swoich wychowawczy\u0144 udali si\u0119..","_links":{"self":[{"href":"https:\/\/zsprabino.edu.pl\/index.php\/wp-json\/wp\/v2\/posts\/536"}],"collection":[{"href":"https:\/\/zsprabino.edu.pl\/index.php\/wp-json\/wp\/v2\/posts"}],"about":[{"href":"https:\/\/zsprabino.edu.pl\/index.php\/wp-json\/wp\/v2\/types\/post"}],"author":[{"embeddable":true,"href":"https:\/\/zsprabino.edu.pl\/index.php\/wp-json\/wp\/v2\/users\/2"}],"replies":[{"embeddable":true,"href":"https:\/\/zsprabino.edu.pl\/index.php\/wp-json\/wp\/v2\/comments?post=536"}],"version-history":[{"count":1,"href":"https:\/\/zsprabino.edu.pl\/index.php\/wp-json\/wp\/v2\/posts\/536\/revisions"}],"predecessor-version":[{"id":537,"href":"https:\/\/zsprabino.edu.pl\/index.php\/wp-json\/wp\/v2\/posts\/536\/revisions\/537"}],"wp:featuredmedia":[{"embeddable":true,"href":"https:\/\/zsprabino.edu.pl\/index.php\/wp-json\/wp\/v2\/media\/532"}],"wp:attachment":[{"href":"https:\/\/zsprabino.edu.pl\/index.php\/wp-json\/wp\/v2\/media?parent=536"}],"wp:term":[{"taxonomy":"category","embeddable":true,"href":"https:\/\/zsprabino.edu.pl\/index.php\/wp-json\/wp\/v2\/categories?post=536"},{"taxonomy":"post_tag","embeddable":true,"href":"https:\/\/zsprabino.edu.pl\/index.php\/wp-json\/wp\/v2\/tags?post=536"}],"curies":[{"name":"wp","href":"https:\/\/api.w.org\/{rel}","templated":true}]}}