{"id":520,"date":"2021-06-09T01:18:30","date_gmt":"2021-06-09T01:18:30","guid":{"rendered":"http:\/\/zsprabino.edu.pl\/?p=520"},"modified":"2021-06-09T01:21:54","modified_gmt":"2021-06-09T01:21:54","slug":"100-lecie-niepodleglosci-polski","status":"publish","type":"post","link":"https:\/\/zsprabino.edu.pl\/index.php\/2021\/06\/09\/100-lecie-niepodleglosci-polski\/","title":{"rendered":"100 LECIE NIEPODLEG\u0141O\u015aCI POLSKI"},"content":{"rendered":"<div class=\"post-content\">\n<p>W dniu&nbsp;<strong>9 listopada 2018 r.<\/strong>&nbsp;w Zespole Szk\u00f3\u0142 w R\u0105binie odby\u0142a si\u0119 uroczysta akademia z okazji setnej rocznicy odzyskania przez Polsk\u0119 niepodleg\u0142o\u015bci. Uczniowie pod opiek\u0105 p. I. Mystek i A. Grochali przygotowali monta\u017c s\u0142owno-muzyczny pt. \u201eNiepodleg\u0142a\u201d. Tegoroczna uroczysto\u015b\u0107 mia\u0142a wyj\u0105tkowy charakter. Pi\u0119kne wiersze i patriotyczne pie\u015bni, na niejednym z go\u015bci wywo\u0142a\u0142y \u0142zy wzruszenia. Ca\u0142o\u015bci dope\u0142ni\u0142 wspania\u0142y tort zakupiony z funduszu realizowanego w szkole projektu \u201eM\u0142odzi obywatele na start\u201d kt\u00f3rego koordynatorem jest p. M. Staruk \u2013 opiekun M\u0142odzie\u017cowej rady Szko\u0142y. Dzi\u0119ki jej wsparciu powsta\u0142y w szkole wspania\u0142e dekoracje, kt\u00f3re docenili zaproszeni go\u015bcie miedzy innymi P. A. Krawiec \u2013 przewodnicz\u0105ca Rady Gminy R\u0105bino.<\/p>\n\n\n\n<p>Punktualnie o godzinie 11.11 przedszkolaki z zer\u00f3wki, ca\u0142a spo\u0142eczno\u015b\u0107 szkolna \u2013 uczniowie, grono pedagogiczne, pracownicy obs\u0142ugi oraz zaproszeni go\u015bcie za\u015bpiewali czterozwrotkowy hymn a tym samym uczestnicz\u0105c w og\u00f3lnopolskiej akcji bicia rekordu dla Niepodleg\u0142ej.<\/p>\n\n\n\n<figure class=\"wp-block-gallery columns-3 is-cropped\"><ul class=\"blocks-gallery-grid\"><li class=\"blocks-gallery-item\"><figure><img loading=\"lazy\" width=\"1000\" height=\"750\" src=\"http:\/\/zsprabino.edu.pl\/wp-content\/uploads\/2021\/06\/img_8836.jpg\" alt=\"\" data-id=\"523\" data-full-url=\"http:\/\/zsprabino.edu.pl\/wp-content\/uploads\/2021\/06\/img_8836.jpg\" data-link=\"http:\/\/zsprabino.edu.pl\/?attachment_id=523\" class=\"wp-image-523\" srcset=\"https:\/\/zsprabino.edu.pl\/wp-content\/uploads\/2021\/06\/img_8836.jpg 1000w, https:\/\/zsprabino.edu.pl\/wp-content\/uploads\/2021\/06\/img_8836-300x225.jpg 300w, https:\/\/zsprabino.edu.pl\/wp-content\/uploads\/2021\/06\/img_8836-768x576.jpg 768w\" sizes=\"(max-width: 1000px) 100vw, 1000px\" \/><\/figure><\/li><li class=\"blocks-gallery-item\"><figure><img loading=\"lazy\" width=\"960\" height=\"541\" src=\"http:\/\/zsprabino.edu.pl\/wp-content\/uploads\/2021\/06\/niepodlegc582a-1-1.jpg\" alt=\"\" data-id=\"526\" data-full-url=\"http:\/\/zsprabino.edu.pl\/wp-content\/uploads\/2021\/06\/niepodlegc582a-1-1.jpg\" data-link=\"http:\/\/zsprabino.edu.pl\/?attachment_id=526\" class=\"wp-image-526\" srcset=\"https:\/\/zsprabino.edu.pl\/wp-content\/uploads\/2021\/06\/niepodlegc582a-1-1.jpg 960w, https:\/\/zsprabino.edu.pl\/wp-content\/uploads\/2021\/06\/niepodlegc582a-1-1-300x169.jpg 300w, https:\/\/zsprabino.edu.pl\/wp-content\/uploads\/2021\/06\/niepodlegc582a-1-1-768x433.jpg 768w\" sizes=\"(max-width: 960px) 100vw, 960px\" \/><\/figure><\/li><li class=\"blocks-gallery-item\"><figure><img loading=\"lazy\" width=\"1000\" height=\"750\" src=\"http:\/\/zsprabino.edu.pl\/wp-content\/uploads\/2021\/06\/niepodlegc582a-2-1.jpg\" alt=\"\" data-id=\"527\" data-full-url=\"http:\/\/zsprabino.edu.pl\/wp-content\/uploads\/2021\/06\/niepodlegc582a-2-1.jpg\" data-link=\"http:\/\/zsprabino.edu.pl\/?attachment_id=527\" class=\"wp-image-527\" srcset=\"https:\/\/zsprabino.edu.pl\/wp-content\/uploads\/2021\/06\/niepodlegc582a-2-1.jpg 1000w, https:\/\/zsprabino.edu.pl\/wp-content\/uploads\/2021\/06\/niepodlegc582a-2-1-300x225.jpg 300w, https:\/\/zsprabino.edu.pl\/wp-content\/uploads\/2021\/06\/niepodlegc582a-2-1-768x576.jpg 768w\" sizes=\"(max-width: 1000px) 100vw, 1000px\" \/><\/figure><\/li><li class=\"blocks-gallery-item\"><figure><img loading=\"lazy\" width=\"1000\" height=\"750\" src=\"http:\/\/zsprabino.edu.pl\/wp-content\/uploads\/2021\/06\/niepodlegc582a-4-1.jpg\" alt=\"\" data-id=\"528\" data-full-url=\"http:\/\/zsprabino.edu.pl\/wp-content\/uploads\/2021\/06\/niepodlegc582a-4-1.jpg\" data-link=\"http:\/\/zsprabino.edu.pl\/?attachment_id=528\" class=\"wp-image-528\" srcset=\"https:\/\/zsprabino.edu.pl\/wp-content\/uploads\/2021\/06\/niepodlegc582a-4-1.jpg 1000w, https:\/\/zsprabino.edu.pl\/wp-content\/uploads\/2021\/06\/niepodlegc582a-4-1-300x225.jpg 300w, https:\/\/zsprabino.edu.pl\/wp-content\/uploads\/2021\/06\/niepodlegc582a-4-1-768x576.jpg 768w\" sizes=\"(max-width: 1000px) 100vw, 1000px\" \/><\/figure><\/li><\/ul><\/figure>\n<\/div>","protected":false},"excerpt":{"rendered":"<p>W dniu&nbsp;9 listopada 2018 r.&nbsp;w Zespole Szk\u00f3\u0142 w R\u0105binie odby\u0142a<a href=\"https:\/\/zsprabino.edu.pl\/index.php\/2021\/06\/09\/100-lecie-niepodleglosci-polski\/\" class=\"gutenlearn-readmore\">Read More<i class=\"fa fa-long-arrow-right\" aria-hidden=\"true\"><\/i><\/a><\/p>\n","protected":false},"author":2,"featured_media":0,"comment_status":"closed","ping_status":"closed","sticky":false,"template":"","format":"standard","meta":{"disable_featured_image":false,"cybocfi_hide_featured_image":""},"categories":[1],"tags":[],"rise-blocks_total_comments":0,"rise-blocks_categories":[{"term_id":1,"name":"Uncategorized","slug":"uncategorized","term_group":0,"term_taxonomy_id":1,"taxonomy":"category","description":"","parent":0,"count":356,"filter":"raw","cat_ID":1,"category_count":356,"category_description":"","cat_name":"Uncategorized","category_nicename":"uncategorized","category_parent":0}],"rise-blocks_excerpt":"W dniu&nbsp;9 listopada 2018 r.&nbsp;w Zespole Szk\u00f3\u0142 w R\u0105binie odby\u0142a si\u0119 uroczysta akademia z okazji setnej rocznicy odzyskania przez Polsk\u0119 niepodleg\u0142o\u015bci. Uczniowie pod opiek\u0105 p. I. Mystek i A. Grochali przygotowali monta\u017c s\u0142owno-muzyczny pt. \u201eNiepodleg\u0142a\u201d. Tegoroczna uroczysto\u015b\u0107 mia\u0142a wyj\u0105tkowy charakter. Pi\u0119kne wiersze i patriotyczne pie\u015bni, na niejednym z go\u015bci wywo\u0142a\u0142y \u0142zy wzruszenia. Ca\u0142o\u015bci dope\u0142ni\u0142 wspania\u0142y tort zakupiony z funduszu realizowanego..","_links":{"self":[{"href":"https:\/\/zsprabino.edu.pl\/index.php\/wp-json\/wp\/v2\/posts\/520"}],"collection":[{"href":"https:\/\/zsprabino.edu.pl\/index.php\/wp-json\/wp\/v2\/posts"}],"about":[{"href":"https:\/\/zsprabino.edu.pl\/index.php\/wp-json\/wp\/v2\/types\/post"}],"author":[{"embeddable":true,"href":"https:\/\/zsprabino.edu.pl\/index.php\/wp-json\/wp\/v2\/users\/2"}],"replies":[{"embeddable":true,"href":"https:\/\/zsprabino.edu.pl\/index.php\/wp-json\/wp\/v2\/comments?post=520"}],"version-history":[{"count":2,"href":"https:\/\/zsprabino.edu.pl\/index.php\/wp-json\/wp\/v2\/posts\/520\/revisions"}],"predecessor-version":[{"id":534,"href":"https:\/\/zsprabino.edu.pl\/index.php\/wp-json\/wp\/v2\/posts\/520\/revisions\/534"}],"wp:attachment":[{"href":"https:\/\/zsprabino.edu.pl\/index.php\/wp-json\/wp\/v2\/media?parent=520"}],"wp:term":[{"taxonomy":"category","embeddable":true,"href":"https:\/\/zsprabino.edu.pl\/index.php\/wp-json\/wp\/v2\/categories?post=520"},{"taxonomy":"post_tag","embeddable":true,"href":"https:\/\/zsprabino.edu.pl\/index.php\/wp-json\/wp\/v2\/tags?post=520"}],"curies":[{"name":"wp","href":"https:\/\/api.w.org\/{rel}","templated":true}]}}