{"id":511,"date":"2018-03-17T00:54:04","date_gmt":"2018-03-17T00:54:04","guid":{"rendered":"http:\/\/zsprabino.edu.pl\/?p=511"},"modified":"2021-06-09T00:56:04","modified_gmt":"2021-06-09T00:56:04","slug":"511","status":"publish","type":"post","link":"https:\/\/zsprabino.edu.pl\/index.php\/2018\/03\/17\/511\/","title":{"rendered":"M\u0142odzi obywatele na start"},"content":{"rendered":"<div class=\"post-content\">\n<p><strong>M\u0142odzi obywatele na start<\/strong><\/p>\n\n\n\n<p>Od&nbsp;<strong>1 maja 2018r.<\/strong>&nbsp;w&nbsp;<strong>Szkole Podstawowej im. Adama Mickiewicza w R\u0105binie&nbsp;<\/strong>rozpocz\u0119to realizacj\u0119 projektu pn.&nbsp;<strong>\u201eM\u0142odzi obywatele na start!\u201d.<\/strong>&nbsp; Autorem i realizatorem projektu jest stowarzyszenie&nbsp;<strong>Pracownia Inicjatyw Spo\u0142ecznych<\/strong>, kt\u00f3re wygra\u0142o projekt w ramach Programu Fundusz Inicjatyw Obywatelskich.<\/p>\n\n\n\n<p>G\u0142\u00f3wnym&nbsp;<strong>celem<\/strong>&nbsp;projektu jest: Zwi\u0119kszenie aktywno\u015bci obywatelskiej uczni\u00f3w Zespo\u0142u Szk\u00f3\u0142 w R\u0105binie oraz Szko\u0142y w Jesionowi poprzez dzia\u0142alno\u015b\u0107 K\u00f3\u0142ka Historycznego i Samorz\u0105du Uczniowskiego podczas 8 miesi\u0119cy realizacji projektu.<\/p>\n\n\n\n<p>Projekt&nbsp;<strong>realizowany&nbsp;<\/strong>b\u0119dzie od 1 maja do 31 grudnia 2018r.<\/p>\n\n\n\n<p>G\u0142\u00f3wne<strong>&nbsp;dzia\u0142ania<\/strong>&nbsp;projektowe:<\/p>\n\n\n\n<p>1) Spotkania K\u00f3\u0142ka Historycznego \u2013 wiod\u0105cym tematem spotka\u0144 b\u0119dzie: \u201ePolska Niepodleg\u0142a\u201d.<\/p>\n\n\n\n<p>2) Dzia\u0142alno\u015b\u0107 Samorz\u0105du Uczniowskiego \u2013 organizacja przedsi\u0119wzi\u0119\u0107 upami\u0119tniaj\u0105cych setn\u0105 rocznic\u0119 odzyskania przez Polsk\u0119 Niepodleg\u0142o\u015bci: organizacja Mobilnych Wystaw \u201eNiepodleg\u0142a Polska\u201d&nbsp; oraz jedno wydanie gazetki z relacjami uczni\u00f3w ze wszystkich podj\u0119tych w projekcie przedsi\u0119wzi\u0119\u0107.<\/p>\n\n\n\n<p>3) Ob\u00f3z edukacyjno \u2013 samorz\u0105dno\u015bciowy \u2013 6. dniowy wyjazd do Krakowa, z programem nastawionym na udzia\u0142 w wielu inicjatywach organizowanych z okazji setnej rocznicy odzyskania przez Polsk\u0119 niepodleg\u0142o\u015bci oraz nauk\u0119 partycypacji spo\u0142ecznej.<\/p>\n\n\n\n<p>4) Obchody upami\u0119tniaj\u0105ce odzyskanie przez Polsk\u0119 niepodleg\u0142o\u015bci po\u0142\u0105czone z mi\u0119dzyszkolnym konkursem wiedzy historycznej.<\/p>\n\n\n\n<p>Realizacja zadania w znacznym stopniu przyczyni si\u0119 poznania historii Polski, a tak\u017ce anga\u017cuje m\u0142odzie\u017c w obchody z okazji odzyskania jej niepodleg\u0142o\u015bci.<\/p>\n\n\n\n<p><em>Zadanie publiczne \u201eM\u0142odzi obywatele na start!\u201d jest wsp\u00f3\u0142finansowane ze \u015brodk\u00f3w otrzymanych od Narodowego Instytutu Wolno\u015bci \u2013 Centrum Rozwoju Spo\u0142ecze\u0144stwa Obywatelskiego w ramach Programu Fundusz Inicjatyw Obywatelskich na lata 2014 \u2013 2020.<\/em><\/p>\n\n\n\n<figure class=\"wp-block-image\"><img src=\"https:\/\/zespolszkolrabino.files.wordpress.com\/2016\/10\/35666968_1664316113636799_513956097539702784_n.jpg\" alt=\"35666968_1664316113636799_513956097539702784_n\" class=\"wp-image-1253\"\/><\/figure>\n<\/div>","protected":false},"excerpt":{"rendered":"<p>M\u0142odzi obywatele na start Od&nbsp;1 maja 2018r.&nbsp;w&nbsp;Szkole Podstawowej im. Adama<a href=\"https:\/\/zsprabino.edu.pl\/index.php\/2018\/03\/17\/511\/\" class=\"gutenlearn-readmore\">Read More<i class=\"fa fa-long-arrow-right\" aria-hidden=\"true\"><\/i><\/a><\/p>\n","protected":false},"author":2,"featured_media":512,"comment_status":"closed","ping_status":"closed","sticky":false,"template":"","format":"standard","meta":{"disable_featured_image":false,"cybocfi_hide_featured_image":""},"categories":[1],"tags":[],"rise-blocks_total_comments":0,"rise-blocks_categories":[{"term_id":1,"name":"Uncategorized","slug":"uncategorized","term_group":0,"term_taxonomy_id":1,"taxonomy":"category","description":"","parent":0,"count":356,"filter":"raw","cat_ID":1,"category_count":356,"category_description":"","cat_name":"Uncategorized","category_nicename":"uncategorized","category_parent":0}],"rise-blocks_excerpt":"M\u0142odzi obywatele na start Od&nbsp;1 maja 2018r.&nbsp;w&nbsp;Szkole Podstawowej im. Adama Mickiewicza w R\u0105binie&nbsp;rozpocz\u0119to realizacj\u0119 projektu pn.&nbsp;\u201eM\u0142odzi obywatele na start!\u201d.&nbsp; Autorem i realizatorem projektu jest stowarzyszenie&nbsp;Pracownia Inicjatyw Spo\u0142ecznych, kt\u00f3re wygra\u0142o projekt w ramach Programu Fundusz Inicjatyw Obywatelskich. G\u0142\u00f3wnym&nbsp;celem&nbsp;projektu jest: Zwi\u0119kszenie aktywno\u015bci obywatelskiej uczni\u00f3w Zespo\u0142u Szk\u00f3\u0142 w R\u0105binie oraz Szko\u0142y w Jesionowi poprzez dzia\u0142alno\u015b\u0107 K\u00f3\u0142ka Historycznego i Samorz\u0105du Uczniowskiego podczas 8 miesi\u0119cy..","_links":{"self":[{"href":"https:\/\/zsprabino.edu.pl\/index.php\/wp-json\/wp\/v2\/posts\/511"}],"collection":[{"href":"https:\/\/zsprabino.edu.pl\/index.php\/wp-json\/wp\/v2\/posts"}],"about":[{"href":"https:\/\/zsprabino.edu.pl\/index.php\/wp-json\/wp\/v2\/types\/post"}],"author":[{"embeddable":true,"href":"https:\/\/zsprabino.edu.pl\/index.php\/wp-json\/wp\/v2\/users\/2"}],"replies":[{"embeddable":true,"href":"https:\/\/zsprabino.edu.pl\/index.php\/wp-json\/wp\/v2\/comments?post=511"}],"version-history":[{"count":2,"href":"https:\/\/zsprabino.edu.pl\/index.php\/wp-json\/wp\/v2\/posts\/511\/revisions"}],"predecessor-version":[{"id":514,"href":"https:\/\/zsprabino.edu.pl\/index.php\/wp-json\/wp\/v2\/posts\/511\/revisions\/514"}],"wp:featuredmedia":[{"embeddable":true,"href":"https:\/\/zsprabino.edu.pl\/index.php\/wp-json\/wp\/v2\/media\/512"}],"wp:attachment":[{"href":"https:\/\/zsprabino.edu.pl\/index.php\/wp-json\/wp\/v2\/media?parent=511"}],"wp:term":[{"taxonomy":"category","embeddable":true,"href":"https:\/\/zsprabino.edu.pl\/index.php\/wp-json\/wp\/v2\/categories?post=511"},{"taxonomy":"post_tag","embeddable":true,"href":"https:\/\/zsprabino.edu.pl\/index.php\/wp-json\/wp\/v2\/tags?post=511"}],"curies":[{"name":"wp","href":"https:\/\/api.w.org\/{rel}","templated":true}]}}