{"id":4786,"date":"2024-06-19T03:32:00","date_gmt":"2024-06-19T03:32:00","guid":{"rendered":"http:\/\/zsprabino.edu.pl\/?p=4786"},"modified":"2024-06-20T03:52:51","modified_gmt":"2024-06-20T03:52:51","slug":"rajd-rowerowy","status":"publish","type":"post","link":"https:\/\/zsprabino.edu.pl\/index.php\/2024\/06\/19\/rajd-rowerowy\/","title":{"rendered":"Rajd rowerowy"},"content":{"rendered":"<div class=\"post-content\">\n<p>W dniu 14 czerwca uczniowie klasy VII i VI wyposa\u017ceni w rowery, kaski, kamilezki odblaskowe ruszyli z entuzjazmem na rajd rowerowy. Trasa kt\u00f3r\u0105 pokonali Szko\u0142a~G\u0142odzino~K\u0142odzino~Nielep~Baty\u0144~Szko\u0142a nie by\u0142a zbyt \u0142atw\u0105 tras\u0105. Mimo to wszyscy z entuzjazmem, zapa\u0142em i endorfinami sko\u0144czyli rajd. <\/p>\n\n\n\n<p>Podczas wyprawy towarzyszy\u0142 nam dyrektor Szko\u0142y Pan Marek Kowalski oraz Pani Ania Rynkiewicz I Marta Go\u0142\u0119biowska. <\/p>\n\n\n\n<p>W miejscowo\u015bci Baty\u0144 czeka\u0142a na nas niespodzianka. So\u0142tys Batynia- Pan Grzegorz Cho\u0142uj wraz z rodzicami klasy VII przygotowali dla nas ognisko wraz z pocz\u0119stunkiem. Mogli\u015bmy podczas przerwy pogra\u0107 w pi\u0142k\u0119, w badmingtona, zrelaksowac sie, porozmawia\u0107. <\/p>\n\n\n\n<p>Inicjatywa mia\u0142a na\u00a0celu propagowanie aktywno\u015bci fizycznej oraz\u00a0aktywnego stylu \u017cycia, jak r\u00f3wnie\u017c integracj\u0119 spo\u0142eczno\u015bci klasowej. Trasa rajdu wiod\u0142a w\u00a0g\u0142\u00f3wnej mierze przez\u00a0lasy, co\u00a0niew\u0105tpliwie sprzyja\u0142o r\u00f3wnie\u017c relaksacji, wykonywaniu \u015bwiadomych \u0107wicze\u0144 oddechowych oraz\u00a0rozpoznawaniu gatunk\u00f3w drzew i\u00a0krzew\u00f3w. Uczestnicy rajdu, poznali walory swojej pi\u0119knej gminy. <\/p>\n\n\n\n<p>Pomimo pokonania 23 km trasy rajdu dobry nastr\u00f3j towarzyszy\u0142 nam do\u00a0ko\u0144ca.<\/p>\n\n\n\n<p>Uczestnictwo w\u00a0rajdzie i\u00a0we\u00a0wsp\u00f3lnych zabawach, z\u00a0pewno\u015bci\u0105 dostarczy\u0142o wielu mi\u0142ych i\u00a0niezapomnianych wra\u017ce\u0144, a\u00a0tak\u017ce sprzyja\u0142o budowaniu relacji mi\u0119dzy uczestnikami. By\u0142a to\u00a0atrakcyjna forma sp\u0119dzenia czasu. \u2013 aktywnie i\u00a0na\u00a0\u015bwie\u017cym powietrzu.<\/p>\n\n\n\n<p>W\u00a0planach ju\u017c kolejny rajd<\/p>\n\n\n\n<figure class=\"wp-block-gallery columns-3 is-cropped\"><ul class=\"blocks-gallery-grid\"><li class=\"blocks-gallery-item\"><figure><img loading=\"lazy\" width=\"1024\" height=\"768\" src=\"http:\/\/zsprabino.edu.pl\/wp-content\/uploads\/2024\/06\/20240614_122622-1024x768.jpg\" alt=\"\" data-id=\"4787\" data-full-url=\"http:\/\/zsprabino.edu.pl\/wp-content\/uploads\/2024\/06\/20240614_122622-scaled.jpg\" data-link=\"http:\/\/zsprabino.edu.pl\/?attachment_id=4787\" class=\"wp-image-4787\" srcset=\"https:\/\/zsprabino.edu.pl\/wp-content\/uploads\/2024\/06\/20240614_122622-1024x768.jpg 1024w, https:\/\/zsprabino.edu.pl\/wp-content\/uploads\/2024\/06\/20240614_122622-300x225.jpg 300w, https:\/\/zsprabino.edu.pl\/wp-content\/uploads\/2024\/06\/20240614_122622-768x576.jpg 768w, https:\/\/zsprabino.edu.pl\/wp-content\/uploads\/2024\/06\/20240614_122622-1536x1152.jpg 1536w, https:\/\/zsprabino.edu.pl\/wp-content\/uploads\/2024\/06\/20240614_122622-2048x1536.jpg 2048w\" sizes=\"(max-width: 1024px) 100vw, 1024px\" \/><\/figure><\/li><li class=\"blocks-gallery-item\"><figure><img loading=\"lazy\" width=\"1024\" height=\"768\" src=\"http:\/\/zsprabino.edu.pl\/wp-content\/uploads\/2024\/06\/20240614_122558-1024x768.jpg\" alt=\"\" data-id=\"4788\" data-full-url=\"http:\/\/zsprabino.edu.pl\/wp-content\/uploads\/2024\/06\/20240614_122558-scaled.jpg\" data-link=\"http:\/\/zsprabino.edu.pl\/?attachment_id=4788\" class=\"wp-image-4788\" srcset=\"https:\/\/zsprabino.edu.pl\/wp-content\/uploads\/2024\/06\/20240614_122558-1024x768.jpg 1024w, https:\/\/zsprabino.edu.pl\/wp-content\/uploads\/2024\/06\/20240614_122558-300x225.jpg 300w, https:\/\/zsprabino.edu.pl\/wp-content\/uploads\/2024\/06\/20240614_122558-768x576.jpg 768w, https:\/\/zsprabino.edu.pl\/wp-content\/uploads\/2024\/06\/20240614_122558-1536x1152.jpg 1536w, https:\/\/zsprabino.edu.pl\/wp-content\/uploads\/2024\/06\/20240614_122558-2048x1536.jpg 2048w\" sizes=\"(max-width: 1024px) 100vw, 1024px\" \/><\/figure><\/li><li class=\"blocks-gallery-item\"><figure><img loading=\"lazy\" width=\"1024\" height=\"768\" src=\"http:\/\/zsprabino.edu.pl\/wp-content\/uploads\/2024\/06\/20240614_104329-1024x768.jpg\" alt=\"\" data-id=\"4789\" data-full-url=\"http:\/\/zsprabino.edu.pl\/wp-content\/uploads\/2024\/06\/20240614_104329-scaled.jpg\" data-link=\"http:\/\/zsprabino.edu.pl\/?attachment_id=4789\" class=\"wp-image-4789\" srcset=\"https:\/\/zsprabino.edu.pl\/wp-content\/uploads\/2024\/06\/20240614_104329-1024x768.jpg 1024w, https:\/\/zsprabino.edu.pl\/wp-content\/uploads\/2024\/06\/20240614_104329-300x225.jpg 300w, https:\/\/zsprabino.edu.pl\/wp-content\/uploads\/2024\/06\/20240614_104329-768x576.jpg 768w, https:\/\/zsprabino.edu.pl\/wp-content\/uploads\/2024\/06\/20240614_104329-1536x1152.jpg 1536w, https:\/\/zsprabino.edu.pl\/wp-content\/uploads\/2024\/06\/20240614_104329-2048x1536.jpg 2048w\" sizes=\"(max-width: 1024px) 100vw, 1024px\" \/><\/figure><\/li><li class=\"blocks-gallery-item\"><figure><img loading=\"lazy\" width=\"1024\" height=\"768\" src=\"http:\/\/zsprabino.edu.pl\/wp-content\/uploads\/2024\/06\/20240614_103522-1024x768.jpg\" alt=\"\" data-id=\"4790\" data-full-url=\"http:\/\/zsprabino.edu.pl\/wp-content\/uploads\/2024\/06\/20240614_103522-scaled.jpg\" data-link=\"http:\/\/zsprabino.edu.pl\/?attachment_id=4790\" class=\"wp-image-4790\" srcset=\"https:\/\/zsprabino.edu.pl\/wp-content\/uploads\/2024\/06\/20240614_103522-1024x768.jpg 1024w, https:\/\/zsprabino.edu.pl\/wp-content\/uploads\/2024\/06\/20240614_103522-300x225.jpg 300w, https:\/\/zsprabino.edu.pl\/wp-content\/uploads\/2024\/06\/20240614_103522-768x576.jpg 768w, https:\/\/zsprabino.edu.pl\/wp-content\/uploads\/2024\/06\/20240614_103522-1536x1152.jpg 1536w, https:\/\/zsprabino.edu.pl\/wp-content\/uploads\/2024\/06\/20240614_103522-2048x1536.jpg 2048w\" sizes=\"(max-width: 1024px) 100vw, 1024px\" \/><\/figure><\/li><li class=\"blocks-gallery-item\"><figure><img loading=\"lazy\" width=\"1024\" height=\"768\" src=\"http:\/\/zsprabino.edu.pl\/wp-content\/uploads\/2024\/06\/20240614_103444-1024x768.jpg\" alt=\"\" data-id=\"4791\" data-full-url=\"http:\/\/zsprabino.edu.pl\/wp-content\/uploads\/2024\/06\/20240614_103444-scaled.jpg\" data-link=\"http:\/\/zsprabino.edu.pl\/?attachment_id=4791\" class=\"wp-image-4791\" srcset=\"https:\/\/zsprabino.edu.pl\/wp-content\/uploads\/2024\/06\/20240614_103444-1024x768.jpg 1024w, https:\/\/zsprabino.edu.pl\/wp-content\/uploads\/2024\/06\/20240614_103444-300x225.jpg 300w, https:\/\/zsprabino.edu.pl\/wp-content\/uploads\/2024\/06\/20240614_103444-768x576.jpg 768w, https:\/\/zsprabino.edu.pl\/wp-content\/uploads\/2024\/06\/20240614_103444-1536x1152.jpg 1536w, https:\/\/zsprabino.edu.pl\/wp-content\/uploads\/2024\/06\/20240614_103444-2048x1536.jpg 2048w\" sizes=\"(max-width: 1024px) 100vw, 1024px\" \/><\/figure><\/li><\/ul><\/figure>\n<\/div>","protected":false},"excerpt":{"rendered":"<p>W dniu 14 czerwca uczniowie klasy VII i VI wyposa\u017ceni<a href=\"https:\/\/zsprabino.edu.pl\/index.php\/2024\/06\/19\/rajd-rowerowy\/\" class=\"gutenlearn-readmore\">Read More<i class=\"fa fa-long-arrow-right\" aria-hidden=\"true\"><\/i><\/a><\/p>\n","protected":false},"author":2,"featured_media":0,"comment_status":"closed","ping_status":"closed","sticky":false,"template":"","format":"standard","meta":{"disable_featured_image":false,"cybocfi_hide_featured_image":""},"categories":[1],"tags":[],"rise-blocks_total_comments":0,"rise-blocks_categories":[{"term_id":1,"name":"Uncategorized","slug":"uncategorized","term_group":0,"term_taxonomy_id":1,"taxonomy":"category","description":"","parent":0,"count":356,"filter":"raw","cat_ID":1,"category_count":356,"category_description":"","cat_name":"Uncategorized","category_nicename":"uncategorized","category_parent":0}],"rise-blocks_excerpt":"W dniu 14 czerwca uczniowie klasy VII i VI wyposa\u017ceni w rowery, kaski, kamilezki odblaskowe ruszyli z entuzjazmem na rajd rowerowy. Trasa kt\u00f3r\u0105 pokonali Szko\u0142a~G\u0142odzino~K\u0142odzino~Nielep~Baty\u0144~Szko\u0142a nie by\u0142a zbyt \u0142atw\u0105 tras\u0105. Mimo to wszyscy z entuzjazmem, zapa\u0142em i endorfinami sko\u0144czyli rajd. Podczas wyprawy towarzyszy\u0142 nam dyrektor Szko\u0142y Pan Marek Kowalski oraz Pani Ania Rynkiewicz I Marta Go\u0142\u0119biowska. W miejscowo\u015bci Baty\u0144 czeka\u0142a..","_links":{"self":[{"href":"https:\/\/zsprabino.edu.pl\/index.php\/wp-json\/wp\/v2\/posts\/4786"}],"collection":[{"href":"https:\/\/zsprabino.edu.pl\/index.php\/wp-json\/wp\/v2\/posts"}],"about":[{"href":"https:\/\/zsprabino.edu.pl\/index.php\/wp-json\/wp\/v2\/types\/post"}],"author":[{"embeddable":true,"href":"https:\/\/zsprabino.edu.pl\/index.php\/wp-json\/wp\/v2\/users\/2"}],"replies":[{"embeddable":true,"href":"https:\/\/zsprabino.edu.pl\/index.php\/wp-json\/wp\/v2\/comments?post=4786"}],"version-history":[{"count":1,"href":"https:\/\/zsprabino.edu.pl\/index.php\/wp-json\/wp\/v2\/posts\/4786\/revisions"}],"predecessor-version":[{"id":4792,"href":"https:\/\/zsprabino.edu.pl\/index.php\/wp-json\/wp\/v2\/posts\/4786\/revisions\/4792"}],"wp:attachment":[{"href":"https:\/\/zsprabino.edu.pl\/index.php\/wp-json\/wp\/v2\/media?parent=4786"}],"wp:term":[{"taxonomy":"category","embeddable":true,"href":"https:\/\/zsprabino.edu.pl\/index.php\/wp-json\/wp\/v2\/categories?post=4786"},{"taxonomy":"post_tag","embeddable":true,"href":"https:\/\/zsprabino.edu.pl\/index.php\/wp-json\/wp\/v2\/tags?post=4786"}],"curies":[{"name":"wp","href":"https:\/\/api.w.org\/{rel}","templated":true}]}}