{"id":3696,"date":"2024-02-05T11:50:00","date_gmt":"2024-02-05T11:50:00","guid":{"rendered":"http:\/\/zsprabino.edu.pl\/?p=3696"},"modified":"2024-02-12T11:58:10","modified_gmt":"2024-02-12T11:58:10","slug":"dzien-babci-i-dziadka-przedszkole","status":"publish","type":"post","link":"https:\/\/zsprabino.edu.pl\/index.php\/2024\/02\/05\/dzien-babci-i-dziadka-przedszkole\/","title":{"rendered":"Dzie\u0144 babci i dziadka &#8211; przedszkole"},"content":{"rendered":"<div class=\"post-content\">\n<p>Jak co roku w naszym przedszkolu zorganizowana zosta\u0142a uroczysto\u015b\u0107 z okazji Dnia Babci i Dziadka.W dniu 12 stycznia dzieci z grupy 3-4 i 5 latki zaprosi\u0142y do przedszkola swoje kochane babcie i dziadk\u00f3w. Dzieci przygotowa\u0142y dla nich specjalny program artystyczny, recytowa\u0142y wiersze, \u015bpiewa\u0142y piosenki i ta\u0144czy\u0142y. Niejednej babci i dziadkowi, \u0142ezka kr\u0119ci\u0142a si\u0119 w oku. To by\u0142y naprawd\u0119 wyj\u0105tkowy dzie\u0144 pe\u0142en u\u015bmiechu, rado\u015bci i dumy. Szcz\u0119\u015bliwe i rozpromienione twarze bab\u0107 i dziadk\u00f3w po raz kolejny ukaza\u0142y nam, jak wa\u017cne s\u0105 takie spotkania i wsp\u00f3lnie sp\u0119dzone chwile z wnukami.Po cz\u0119\u015bci oficjalnej niecodzienni go\u015bcie zostali zaproszeni na herbat\u0119 i s\u0142odki pocz\u0119stunek. A na koniec tego wyj\u0105tkowego dnia dzieci wr\u0119czy\u0142y swoim ukochanym babciom i dziadkom w\u0142asnor\u0119cznie przygotowane upominki i laurki. Dzi\u0119kujemy !!!<\/p>\n\n\n\n<figure class=\"wp-block-gallery columns-3 is-cropped\"><ul class=\"blocks-gallery-grid\"><li class=\"blocks-gallery-item\"><figure><img loading=\"lazy\" width=\"1024\" height=\"768\" src=\"http:\/\/zsprabino.edu.pl\/wp-content\/uploads\/2024\/02\/received_400587659075671-1024x768.jpeg\" alt=\"\" data-id=\"3697\" data-full-url=\"http:\/\/zsprabino.edu.pl\/wp-content\/uploads\/2024\/02\/received_400587659075671.jpeg\" data-link=\"http:\/\/zsprabino.edu.pl\/?attachment_id=3697\" class=\"wp-image-3697\" srcset=\"https:\/\/zsprabino.edu.pl\/wp-content\/uploads\/2024\/02\/received_400587659075671-1024x768.jpeg 1024w, https:\/\/zsprabino.edu.pl\/wp-content\/uploads\/2024\/02\/received_400587659075671-300x225.jpeg 300w, https:\/\/zsprabino.edu.pl\/wp-content\/uploads\/2024\/02\/received_400587659075671-768x576.jpeg 768w, https:\/\/zsprabino.edu.pl\/wp-content\/uploads\/2024\/02\/received_400587659075671-1536x1152.jpeg 1536w, https:\/\/zsprabino.edu.pl\/wp-content\/uploads\/2024\/02\/received_400587659075671.jpeg 2048w\" sizes=\"(max-width: 1024px) 100vw, 1024px\" \/><\/figure><\/li><li class=\"blocks-gallery-item\"><figure><img loading=\"lazy\" width=\"1024\" height=\"768\" src=\"http:\/\/zsprabino.edu.pl\/wp-content\/uploads\/2024\/02\/received_1647062366037917-1024x768.jpeg\" alt=\"\" data-id=\"3699\" data-full-url=\"http:\/\/zsprabino.edu.pl\/wp-content\/uploads\/2024\/02\/received_1647062366037917.jpeg\" data-link=\"http:\/\/zsprabino.edu.pl\/?attachment_id=3699\" class=\"wp-image-3699\" srcset=\"https:\/\/zsprabino.edu.pl\/wp-content\/uploads\/2024\/02\/received_1647062366037917-1024x768.jpeg 1024w, https:\/\/zsprabino.edu.pl\/wp-content\/uploads\/2024\/02\/received_1647062366037917-300x225.jpeg 300w, https:\/\/zsprabino.edu.pl\/wp-content\/uploads\/2024\/02\/received_1647062366037917-768x576.jpeg 768w, https:\/\/zsprabino.edu.pl\/wp-content\/uploads\/2024\/02\/received_1647062366037917-1536x1152.jpeg 1536w, https:\/\/zsprabino.edu.pl\/wp-content\/uploads\/2024\/02\/received_1647062366037917.jpeg 1824w\" sizes=\"(max-width: 1024px) 100vw, 1024px\" \/><\/figure><\/li><li class=\"blocks-gallery-item\"><figure><img loading=\"lazy\" width=\"1024\" height=\"768\" src=\"http:\/\/zsprabino.edu.pl\/wp-content\/uploads\/2024\/02\/received_255574584087312-1024x768.jpeg\" alt=\"\" data-id=\"3700\" data-full-url=\"http:\/\/zsprabino.edu.pl\/wp-content\/uploads\/2024\/02\/received_255574584087312.jpeg\" data-link=\"http:\/\/zsprabino.edu.pl\/?attachment_id=3700\" class=\"wp-image-3700\" srcset=\"https:\/\/zsprabino.edu.pl\/wp-content\/uploads\/2024\/02\/received_255574584087312-1024x768.jpeg 1024w, https:\/\/zsprabino.edu.pl\/wp-content\/uploads\/2024\/02\/received_255574584087312-300x225.jpeg 300w, https:\/\/zsprabino.edu.pl\/wp-content\/uploads\/2024\/02\/received_255574584087312-768x576.jpeg 768w, https:\/\/zsprabino.edu.pl\/wp-content\/uploads\/2024\/02\/received_255574584087312-1536x1152.jpeg 1536w, https:\/\/zsprabino.edu.pl\/wp-content\/uploads\/2024\/02\/received_255574584087312.jpeg 1824w\" sizes=\"(max-width: 1024px) 100vw, 1024px\" \/><\/figure><\/li><li class=\"blocks-gallery-item\"><figure><img loading=\"lazy\" width=\"1024\" height=\"768\" src=\"http:\/\/zsprabino.edu.pl\/wp-content\/uploads\/2024\/02\/received_7015253018527832-1024x768.jpeg\" alt=\"\" data-id=\"3701\" data-full-url=\"http:\/\/zsprabino.edu.pl\/wp-content\/uploads\/2024\/02\/received_7015253018527832.jpeg\" data-link=\"http:\/\/zsprabino.edu.pl\/?attachment_id=3701\" class=\"wp-image-3701\" srcset=\"https:\/\/zsprabino.edu.pl\/wp-content\/uploads\/2024\/02\/received_7015253018527832-1024x768.jpeg 1024w, https:\/\/zsprabino.edu.pl\/wp-content\/uploads\/2024\/02\/received_7015253018527832-300x225.jpeg 300w, https:\/\/zsprabino.edu.pl\/wp-content\/uploads\/2024\/02\/received_7015253018527832-768x576.jpeg 768w, https:\/\/zsprabino.edu.pl\/wp-content\/uploads\/2024\/02\/received_7015253018527832-1536x1152.jpeg 1536w, https:\/\/zsprabino.edu.pl\/wp-content\/uploads\/2024\/02\/received_7015253018527832.jpeg 1824w\" sizes=\"(max-width: 1024px) 100vw, 1024px\" \/><\/figure><\/li><li class=\"blocks-gallery-item\"><figure><img loading=\"lazy\" width=\"1024\" height=\"768\" src=\"http:\/\/zsprabino.edu.pl\/wp-content\/uploads\/2024\/02\/20240112_102452-1024x768.jpg\" alt=\"\" data-id=\"3702\" data-full-url=\"http:\/\/zsprabino.edu.pl\/wp-content\/uploads\/2024\/02\/20240112_102452-scaled.jpg\" data-link=\"http:\/\/zsprabino.edu.pl\/?attachment_id=3702\" class=\"wp-image-3702\" srcset=\"https:\/\/zsprabino.edu.pl\/wp-content\/uploads\/2024\/02\/20240112_102452-1024x768.jpg 1024w, https:\/\/zsprabino.edu.pl\/wp-content\/uploads\/2024\/02\/20240112_102452-300x225.jpg 300w, https:\/\/zsprabino.edu.pl\/wp-content\/uploads\/2024\/02\/20240112_102452-768x576.jpg 768w, https:\/\/zsprabino.edu.pl\/wp-content\/uploads\/2024\/02\/20240112_102452-1536x1152.jpg 1536w, https:\/\/zsprabino.edu.pl\/wp-content\/uploads\/2024\/02\/20240112_102452-2048x1536.jpg 2048w\" sizes=\"(max-width: 1024px) 100vw, 1024px\" \/><\/figure><\/li><li class=\"blocks-gallery-item\"><figure><img loading=\"lazy\" width=\"768\" height=\"1024\" src=\"http:\/\/zsprabino.edu.pl\/wp-content\/uploads\/2024\/02\/received_6295282213907508-768x1024.jpeg\" alt=\"\" data-id=\"3703\" data-full-url=\"http:\/\/zsprabino.edu.pl\/wp-content\/uploads\/2024\/02\/received_6295282213907508.jpeg\" data-link=\"http:\/\/zsprabino.edu.pl\/?attachment_id=3703\" class=\"wp-image-3703\" srcset=\"https:\/\/zsprabino.edu.pl\/wp-content\/uploads\/2024\/02\/received_6295282213907508-768x1024.jpeg 768w, https:\/\/zsprabino.edu.pl\/wp-content\/uploads\/2024\/02\/received_6295282213907508-225x300.jpeg 225w, https:\/\/zsprabino.edu.pl\/wp-content\/uploads\/2024\/02\/received_6295282213907508-1152x1536.jpeg 1152w, https:\/\/zsprabino.edu.pl\/wp-content\/uploads\/2024\/02\/received_6295282213907508.jpeg 1368w\" sizes=\"(max-width: 768px) 100vw, 768px\" \/><\/figure><\/li><li class=\"blocks-gallery-item\"><figure><img src=\"http:\/\/zsprabino.edu.pl\/wp-content\/uploads\/2024\/02\/received_1376688679703002.mp4\" alt=\"\" data-id=\"3704\" data-link=\"http:\/\/zsprabino.edu.pl\/?attachment_id=3704\" class=\"wp-image-3704\"\/><\/figure><\/li><li class=\"blocks-gallery-item\"><figure><img src=\"http:\/\/zsprabino.edu.pl\/wp-content\/uploads\/2024\/02\/received_3521171804798432.mp4\" alt=\"\" data-id=\"3705\" data-link=\"http:\/\/zsprabino.edu.pl\/?attachment_id=3705\" class=\"wp-image-3705\"\/><\/figure><\/li><li class=\"blocks-gallery-item\"><figure><img src=\"http:\/\/zsprabino.edu.pl\/wp-content\/uploads\/2024\/02\/received_705740541661561.mp4\" alt=\"\" data-id=\"3706\" data-link=\"http:\/\/zsprabino.edu.pl\/?attachment_id=3706\" class=\"wp-image-3706\"\/><\/figure><\/li><\/ul><\/figure>\n\n\n\n<figure class=\"wp-block-video\"><video controls src=\"https:\/\/zsprabino.edu.pl\/wp-content\/uploads\/2024\/02\/received_1376688679703002-1.mp4\"><\/video><\/figure>\n\n\n\n<figure class=\"wp-block-video\"><video controls src=\"https:\/\/zsprabino.edu.pl\/wp-content\/uploads\/2024\/02\/received_3521171804798432-1.mp4\"><\/video><\/figure>\n\n\n\n<figure class=\"wp-block-video\"><video controls src=\"https:\/\/zsprabino.edu.pl\/wp-content\/uploads\/2024\/02\/received_705740541661561-2.mp4\"><\/video><\/figure>\n<\/div>","protected":false},"excerpt":{"rendered":"<p>Jak co roku w naszym przedszkolu zorganizowana zosta\u0142a uroczysto\u015b\u0107 z<a href=\"https:\/\/zsprabino.edu.pl\/index.php\/2024\/02\/05\/dzien-babci-i-dziadka-przedszkole\/\" class=\"gutenlearn-readmore\">Read More<i class=\"fa fa-long-arrow-right\" aria-hidden=\"true\"><\/i><\/a><\/p>\n","protected":false},"author":2,"featured_media":0,"comment_status":"closed","ping_status":"closed","sticky":false,"template":"","format":"standard","meta":{"disable_featured_image":false,"cybocfi_hide_featured_image":""},"categories":[1],"tags":[],"rise-blocks_total_comments":0,"rise-blocks_categories":[{"term_id":1,"name":"Uncategorized","slug":"uncategorized","term_group":0,"term_taxonomy_id":1,"taxonomy":"category","description":"","parent":0,"count":356,"filter":"raw","cat_ID":1,"category_count":356,"category_description":"","cat_name":"Uncategorized","category_nicename":"uncategorized","category_parent":0}],"rise-blocks_excerpt":"Jak co roku w naszym przedszkolu zorganizowana zosta\u0142a uroczysto\u015b\u0107 z okazji Dnia Babci i Dziadka.W dniu 12 stycznia dzieci z grupy 3-4 i 5 latki zaprosi\u0142y do przedszkola swoje kochane babcie i dziadk\u00f3w. Dzieci przygotowa\u0142y dla nich specjalny program artystyczny, recytowa\u0142y wiersze, \u015bpiewa\u0142y piosenki i ta\u0144czy\u0142y. Niejednej babci i dziadkowi, \u0142ezka kr\u0119ci\u0142a si\u0119 w oku. To by\u0142y naprawd\u0119 wyj\u0105tkowy dzie\u0144..","_links":{"self":[{"href":"https:\/\/zsprabino.edu.pl\/index.php\/wp-json\/wp\/v2\/posts\/3696"}],"collection":[{"href":"https:\/\/zsprabino.edu.pl\/index.php\/wp-json\/wp\/v2\/posts"}],"about":[{"href":"https:\/\/zsprabino.edu.pl\/index.php\/wp-json\/wp\/v2\/types\/post"}],"author":[{"embeddable":true,"href":"https:\/\/zsprabino.edu.pl\/index.php\/wp-json\/wp\/v2\/users\/2"}],"replies":[{"embeddable":true,"href":"https:\/\/zsprabino.edu.pl\/index.php\/wp-json\/wp\/v2\/comments?post=3696"}],"version-history":[{"count":1,"href":"https:\/\/zsprabino.edu.pl\/index.php\/wp-json\/wp\/v2\/posts\/3696\/revisions"}],"predecessor-version":[{"id":3712,"href":"https:\/\/zsprabino.edu.pl\/index.php\/wp-json\/wp\/v2\/posts\/3696\/revisions\/3712"}],"wp:attachment":[{"href":"https:\/\/zsprabino.edu.pl\/index.php\/wp-json\/wp\/v2\/media?parent=3696"}],"wp:term":[{"taxonomy":"category","embeddable":true,"href":"https:\/\/zsprabino.edu.pl\/index.php\/wp-json\/wp\/v2\/categories?post=3696"},{"taxonomy":"post_tag","embeddable":true,"href":"https:\/\/zsprabino.edu.pl\/index.php\/wp-json\/wp\/v2\/tags?post=3696"}],"curies":[{"name":"wp","href":"https:\/\/api.w.org\/{rel}","templated":true}]}}