{"id":2792,"date":"2023-10-24T11:12:52","date_gmt":"2023-10-24T11:12:52","guid":{"rendered":"http:\/\/zsprabino.edu.pl\/?p=2792"},"modified":"2023-10-24T11:12:53","modified_gmt":"2023-10-24T11:12:53","slug":"final-wojewodzki","status":"publish","type":"post","link":"https:\/\/zsprabino.edu.pl\/index.php\/2023\/10\/24\/final-wojewodzki\/","title":{"rendered":"Fina\u0142 Wojew\u00f3dzki"},"content":{"rendered":"<div class=\"post-content\">\n<p>Udzia\u0142 w Finale Wojew\u00f3dzkim!Zdobycie Mistrza Powiatu da\u0142o nam awans do Fina\u0142u Wojew\u00f3dzkiego i tym samym dru\u017cyna ch\u0142opc\u00f3w 20.10.2023r godnie reprezentowa\u0142a nasz\u0105 szko\u0142\u0119 w zawodach szczebla Wojew\u00f3dzkiego w Sztafetowych Biegach Prze\u0142ajowych w Gryfinie. Pod opiek\u0105\u00a0 nauczycielek\u00a0 Pani A. Kie\u0142pi\u0144skiej i M. Popow nasza dru\u017cyna rywalizowa\u0142a w biegu z 17 szko\u0142ami z r\u00f3\u017cnych powiat\u00f3w. Na uwag\u0119 zas\u0142uguje fakt, \u017ce ch\u0142opcy rywalizowali zgodnie z zasad\u0105 fair play, stoczyli pi\u0119kn\u0105 walk\u0119 ze swoimi s\u0142abo\u015bciami, mieli odwag\u0119 i mo\u017cliwo\u015b\u0107 rywalizacji z przeciwnikami ju\u017c bardziej do\u015bwiadczonymi, kt\u00f3rzy cz\u0119sto trenuj\u0105 w klubach lekkoatletycznych.\u00a0W ko\u0144cowej klasyfikacji osi\u0105gn\u0119li\u015bmy 15 miejsce a najlepsze czasy w biegu na 800m uzyskali:<br>1. Kozie\u0142 Filip 3.10.81<br>2. Wojciechowski Ksawery 3.17.76<br>3. Kr\u00f3l Mariusz 3.21.90<br>4. K\u0142osowski Karol 3.23.46<br>5. Rudzi\u0144ski Adrian 3.31.07<br>6. Fedorenko Ivan 3.48.35<br>Serdeczne gratulacje dla uczni\u00f3w i opiekun\u00f3w .\u00a0<\/p>\n\n\n\n<figure class=\"wp-block-gallery columns-2 is-cropped\"><ul class=\"blocks-gallery-grid\"><li class=\"blocks-gallery-item\"><figure><img loading=\"lazy\" width=\"1024\" height=\"768\" src=\"http:\/\/zsprabino.edu.pl\/wp-content\/uploads\/2023\/10\/received_1509776456452084-1024x768.jpeg\" alt=\"\" data-id=\"2793\" data-full-url=\"http:\/\/zsprabino.edu.pl\/wp-content\/uploads\/2023\/10\/received_1509776456452084.jpeg\" data-link=\"http:\/\/zsprabino.edu.pl\/?attachment_id=2793\" class=\"wp-image-2793\" srcset=\"https:\/\/zsprabino.edu.pl\/wp-content\/uploads\/2023\/10\/received_1509776456452084-1024x768.jpeg 1024w, https:\/\/zsprabino.edu.pl\/wp-content\/uploads\/2023\/10\/received_1509776456452084-300x225.jpeg 300w, https:\/\/zsprabino.edu.pl\/wp-content\/uploads\/2023\/10\/received_1509776456452084-768x576.jpeg 768w, https:\/\/zsprabino.edu.pl\/wp-content\/uploads\/2023\/10\/received_1509776456452084-1536x1152.jpeg 1536w, https:\/\/zsprabino.edu.pl\/wp-content\/uploads\/2023\/10\/received_1509776456452084.jpeg 2000w\" sizes=\"(max-width: 1024px) 100vw, 1024px\" \/><\/figure><\/li><li class=\"blocks-gallery-item\"><figure><img loading=\"lazy\" width=\"1024\" height=\"461\" src=\"http:\/\/zsprabino.edu.pl\/wp-content\/uploads\/2023\/10\/20231020_112743-1024x461.jpg\" alt=\"\" data-id=\"2794\" data-full-url=\"http:\/\/zsprabino.edu.pl\/wp-content\/uploads\/2023\/10\/20231020_112743-scaled.jpg\" data-link=\"http:\/\/zsprabino.edu.pl\/?attachment_id=2794\" class=\"wp-image-2794\" srcset=\"https:\/\/zsprabino.edu.pl\/wp-content\/uploads\/2023\/10\/20231020_112743-1024x461.jpg 1024w, https:\/\/zsprabino.edu.pl\/wp-content\/uploads\/2023\/10\/20231020_112743-300x135.jpg 300w, https:\/\/zsprabino.edu.pl\/wp-content\/uploads\/2023\/10\/20231020_112743-768x346.jpg 768w, https:\/\/zsprabino.edu.pl\/wp-content\/uploads\/2023\/10\/20231020_112743-1536x692.jpg 1536w, https:\/\/zsprabino.edu.pl\/wp-content\/uploads\/2023\/10\/20231020_112743-2048x922.jpg 2048w\" sizes=\"(max-width: 1024px) 100vw, 1024px\" \/><\/figure><\/li><\/ul><\/figure>\n<\/div>","protected":false},"excerpt":{"rendered":"<p>Udzia\u0142 w Finale Wojew\u00f3dzkim!Zdobycie Mistrza Powiatu da\u0142o nam awans do<a href=\"https:\/\/zsprabino.edu.pl\/index.php\/2023\/10\/24\/final-wojewodzki\/\" class=\"gutenlearn-readmore\">Read More<i class=\"fa fa-long-arrow-right\" aria-hidden=\"true\"><\/i><\/a><\/p>\n","protected":false},"author":2,"featured_media":0,"comment_status":"closed","ping_status":"closed","sticky":false,"template":"","format":"standard","meta":{"disable_featured_image":false,"cybocfi_hide_featured_image":""},"categories":[1],"tags":[],"rise-blocks_total_comments":0,"rise-blocks_categories":[{"term_id":1,"name":"Uncategorized","slug":"uncategorized","term_group":0,"term_taxonomy_id":1,"taxonomy":"category","description":"","parent":0,"count":356,"filter":"raw","cat_ID":1,"category_count":356,"category_description":"","cat_name":"Uncategorized","category_nicename":"uncategorized","category_parent":0}],"rise-blocks_excerpt":"Udzia\u0142 w Finale Wojew\u00f3dzkim!Zdobycie Mistrza Powiatu da\u0142o nam awans do Fina\u0142u Wojew\u00f3dzkiego i tym samym dru\u017cyna ch\u0142opc\u00f3w 20.10.2023r godnie reprezentowa\u0142a nasz\u0105 szko\u0142\u0119 w zawodach szczebla Wojew\u00f3dzkiego w Sztafetowych Biegach Prze\u0142ajowych w Gryfinie. Pod opiek\u0105\u00a0 nauczycielek\u00a0 Pani A. Kie\u0142pi\u0144skiej i M. Popow nasza dru\u017cyna rywalizowa\u0142a w biegu z 17 szko\u0142ami z r\u00f3\u017cnych powiat\u00f3w. Na uwag\u0119 zas\u0142uguje fakt, \u017ce ch\u0142opcy rywalizowali zgodnie..","_links":{"self":[{"href":"https:\/\/zsprabino.edu.pl\/index.php\/wp-json\/wp\/v2\/posts\/2792"}],"collection":[{"href":"https:\/\/zsprabino.edu.pl\/index.php\/wp-json\/wp\/v2\/posts"}],"about":[{"href":"https:\/\/zsprabino.edu.pl\/index.php\/wp-json\/wp\/v2\/types\/post"}],"author":[{"embeddable":true,"href":"https:\/\/zsprabino.edu.pl\/index.php\/wp-json\/wp\/v2\/users\/2"}],"replies":[{"embeddable":true,"href":"https:\/\/zsprabino.edu.pl\/index.php\/wp-json\/wp\/v2\/comments?post=2792"}],"version-history":[{"count":1,"href":"https:\/\/zsprabino.edu.pl\/index.php\/wp-json\/wp\/v2\/posts\/2792\/revisions"}],"predecessor-version":[{"id":2795,"href":"https:\/\/zsprabino.edu.pl\/index.php\/wp-json\/wp\/v2\/posts\/2792\/revisions\/2795"}],"wp:attachment":[{"href":"https:\/\/zsprabino.edu.pl\/index.php\/wp-json\/wp\/v2\/media?parent=2792"}],"wp:term":[{"taxonomy":"category","embeddable":true,"href":"https:\/\/zsprabino.edu.pl\/index.php\/wp-json\/wp\/v2\/categories?post=2792"},{"taxonomy":"post_tag","embeddable":true,"href":"https:\/\/zsprabino.edu.pl\/index.php\/wp-json\/wp\/v2\/tags?post=2792"}],"curies":[{"name":"wp","href":"https:\/\/api.w.org\/{rel}","templated":true}]}}