{"id":2771,"date":"2023-10-23T06:43:00","date_gmt":"2023-10-23T06:43:00","guid":{"rendered":"http:\/\/zsprabino.edu.pl\/?p=2771"},"modified":"2023-10-24T06:44:50","modified_gmt":"2023-10-24T06:44:50","slug":"sprzatanie-swiata","status":"publish","type":"post","link":"https:\/\/zsprabino.edu.pl\/index.php\/2023\/10\/23\/sprzatanie-swiata\/","title":{"rendered":"Sprz\u0105tanie \u015awiata"},"content":{"rendered":"<div class=\"post-content\">\n<p>Dnia 15.09.2023r uczniowie klasy V i VIII pod opiek\u0105 wychowawc\u00f3w Pani M. Popow i A. Kie\u0142pi\u0144skiej wzi\u0119li udzia\u0142 w 30 Akcji Sprz\u0105tania \u015awiata z Fundacj\u0105 Nasza Ziemia pod has\u0142em Sprz\u0105tanie \u0142\u0105czy ludzi&#8221;.<br>Uczniowie spisali si\u0119 na medal, teren wok\u00f3\u0142 szko\u0142y zosta\u0142 posprz\u0105tany, a worki zape\u0142nione.<\/p>\n\n\n\n<figure class=\"wp-block-gallery columns-3 is-cropped\"><ul class=\"blocks-gallery-grid\"><li class=\"blocks-gallery-item\"><figure><img loading=\"lazy\" width=\"461\" height=\"1024\" src=\"http:\/\/zsprabino.edu.pl\/wp-content\/uploads\/2023\/10\/20230915_081333-461x1024.jpg\" alt=\"\" data-id=\"2772\" data-full-url=\"http:\/\/zsprabino.edu.pl\/wp-content\/uploads\/2023\/10\/20230915_081333-scaled.jpg\" data-link=\"http:\/\/zsprabino.edu.pl\/?attachment_id=2772\" class=\"wp-image-2772\" srcset=\"https:\/\/zsprabino.edu.pl\/wp-content\/uploads\/2023\/10\/20230915_081333-461x1024.jpg 461w, https:\/\/zsprabino.edu.pl\/wp-content\/uploads\/2023\/10\/20230915_081333-135x300.jpg 135w, https:\/\/zsprabino.edu.pl\/wp-content\/uploads\/2023\/10\/20230915_081333-768x1705.jpg 768w, https:\/\/zsprabino.edu.pl\/wp-content\/uploads\/2023\/10\/20230915_081333-692x1536.jpg 692w, https:\/\/zsprabino.edu.pl\/wp-content\/uploads\/2023\/10\/20230915_081333-922x2048.jpg 922w, https:\/\/zsprabino.edu.pl\/wp-content\/uploads\/2023\/10\/20230915_081333-scaled.jpg 1153w\" sizes=\"(max-width: 461px) 100vw, 461px\" \/><\/figure><\/li><li class=\"blocks-gallery-item\"><figure><img loading=\"lazy\" width=\"640\" height=\"480\" src=\"http:\/\/zsprabino.edu.pl\/wp-content\/uploads\/2023\/10\/395253975_317585581010813_8614918969319971079_n-1.jpg\" alt=\"\" data-id=\"2773\" data-full-url=\"http:\/\/zsprabino.edu.pl\/wp-content\/uploads\/2023\/10\/395253975_317585581010813_8614918969319971079_n-1.jpg\" data-link=\"http:\/\/zsprabino.edu.pl\/?attachment_id=2773\" class=\"wp-image-2773\" srcset=\"https:\/\/zsprabino.edu.pl\/wp-content\/uploads\/2023\/10\/395253975_317585581010813_8614918969319971079_n-1.jpg 640w, https:\/\/zsprabino.edu.pl\/wp-content\/uploads\/2023\/10\/395253975_317585581010813_8614918969319971079_n-1-300x225.jpg 300w\" sizes=\"(max-width: 640px) 100vw, 640px\" \/><\/figure><\/li><li class=\"blocks-gallery-item\"><figure><img loading=\"lazy\" width=\"1024\" height=\"461\" src=\"http:\/\/zsprabino.edu.pl\/wp-content\/uploads\/2023\/10\/20230915_083042-1024x461.jpg\" alt=\"\" data-id=\"2774\" data-full-url=\"http:\/\/zsprabino.edu.pl\/wp-content\/uploads\/2023\/10\/20230915_083042-scaled.jpg\" data-link=\"http:\/\/zsprabino.edu.pl\/?attachment_id=2774\" class=\"wp-image-2774\" srcset=\"https:\/\/zsprabino.edu.pl\/wp-content\/uploads\/2023\/10\/20230915_083042-1024x461.jpg 1024w, https:\/\/zsprabino.edu.pl\/wp-content\/uploads\/2023\/10\/20230915_083042-300x135.jpg 300w, https:\/\/zsprabino.edu.pl\/wp-content\/uploads\/2023\/10\/20230915_083042-768x346.jpg 768w, https:\/\/zsprabino.edu.pl\/wp-content\/uploads\/2023\/10\/20230915_083042-1536x692.jpg 1536w, https:\/\/zsprabino.edu.pl\/wp-content\/uploads\/2023\/10\/20230915_083042-2048x922.jpg 2048w\" sizes=\"(max-width: 1024px) 100vw, 1024px\" \/><\/figure><\/li><\/ul><\/figure>\n<\/div>","protected":false},"excerpt":{"rendered":"<p>Dnia 15.09.2023r uczniowie klasy V i VIII pod opiek\u0105 wychowawc\u00f3w<a href=\"https:\/\/zsprabino.edu.pl\/index.php\/2023\/10\/23\/sprzatanie-swiata\/\" class=\"gutenlearn-readmore\">Read More<i class=\"fa fa-long-arrow-right\" aria-hidden=\"true\"><\/i><\/a><\/p>\n","protected":false},"author":2,"featured_media":0,"comment_status":"closed","ping_status":"closed","sticky":false,"template":"","format":"standard","meta":{"disable_featured_image":false,"cybocfi_hide_featured_image":""},"categories":[1],"tags":[],"rise-blocks_total_comments":0,"rise-blocks_categories":[{"term_id":1,"name":"Uncategorized","slug":"uncategorized","term_group":0,"term_taxonomy_id":1,"taxonomy":"category","description":"","parent":0,"count":356,"filter":"raw","cat_ID":1,"category_count":356,"category_description":"","cat_name":"Uncategorized","category_nicename":"uncategorized","category_parent":0}],"rise-blocks_excerpt":"Dnia 15.09.2023r uczniowie klasy V i VIII pod opiek\u0105 wychowawc\u00f3w Pani M. Popow i A. Kie\u0142pi\u0144skiej wzi\u0119li udzia\u0142 w 30 Akcji Sprz\u0105tania \u015awiata z Fundacj\u0105 Nasza Ziemia pod has\u0142em Sprz\u0105tanie \u0142\u0105czy ludzi&#8221;.Uczniowie spisali si\u0119 na medal, teren wok\u00f3\u0142 szko\u0142y zosta\u0142 posprz\u0105tany, a worki zape\u0142nione.","_links":{"self":[{"href":"https:\/\/zsprabino.edu.pl\/index.php\/wp-json\/wp\/v2\/posts\/2771"}],"collection":[{"href":"https:\/\/zsprabino.edu.pl\/index.php\/wp-json\/wp\/v2\/posts"}],"about":[{"href":"https:\/\/zsprabino.edu.pl\/index.php\/wp-json\/wp\/v2\/types\/post"}],"author":[{"embeddable":true,"href":"https:\/\/zsprabino.edu.pl\/index.php\/wp-json\/wp\/v2\/users\/2"}],"replies":[{"embeddable":true,"href":"https:\/\/zsprabino.edu.pl\/index.php\/wp-json\/wp\/v2\/comments?post=2771"}],"version-history":[{"count":1,"href":"https:\/\/zsprabino.edu.pl\/index.php\/wp-json\/wp\/v2\/posts\/2771\/revisions"}],"predecessor-version":[{"id":2775,"href":"https:\/\/zsprabino.edu.pl\/index.php\/wp-json\/wp\/v2\/posts\/2771\/revisions\/2775"}],"wp:attachment":[{"href":"https:\/\/zsprabino.edu.pl\/index.php\/wp-json\/wp\/v2\/media?parent=2771"}],"wp:term":[{"taxonomy":"category","embeddable":true,"href":"https:\/\/zsprabino.edu.pl\/index.php\/wp-json\/wp\/v2\/categories?post=2771"},{"taxonomy":"post_tag","embeddable":true,"href":"https:\/\/zsprabino.edu.pl\/index.php\/wp-json\/wp\/v2\/tags?post=2771"}],"curies":[{"name":"wp","href":"https:\/\/api.w.org\/{rel}","templated":true}]}}